{"id":7311,"date":"2025-01-03T09:17:16","date_gmt":"2025-01-03T07:17:16","guid":{"rendered":"https:\/\/ajatusmatka.net\/?p=7311"},"modified":"2025-01-07T07:27:08","modified_gmt":"2025-01-07T05:27:08","slug":"rosvell-valkoinen-aukko","status":"publish","type":"post","link":"https:\/\/ajatusmatka.net\/?p=7311","title":{"rendered":"Rosvell &#8211; Valkoinen aukko"},"content":{"rendered":"<div class=\"wp-block-image\">\n<figure class=\"alignleft size-full is-resized\"><img loading=\"lazy\" decoding=\"async\" width=\"531\" height=\"860\" src=\"https:\/\/ajatusmatka.net\/wp-content\/uploads\/msedge_W7kacuDbWF.png\" alt=\"\" class=\"wp-image-7312\" style=\"width:143px;height:auto\" srcset=\"https:\/\/ajatusmatka.net\/wp-content\/uploads\/msedge_W7kacuDbWF.png 531w, https:\/\/ajatusmatka.net\/wp-content\/uploads\/msedge_W7kacuDbWF-185x300.png 185w\" sizes=\"auto, (max-width: 531px) 85vw, 531px\" \/><\/figure>\n<\/div>\n\n\n<p>Kiinnostukseni t\u00e4htitieteeseen syntyi jo murkkui\u00e4ss\u00e4 ja vei nuoren pojan menness\u00e4\u00e4n. Mik\u00e4 olikaan kiehtovampaa kuin arvoituksellinen t\u00e4htitaivas, joka oli t\u00e4ydellinen kohde mielikuvitukselleni. Tuolloin alkoi l\u00f6yt\u00f6retki, joka on jatkuu t\u00e4h\u00e4n p\u00e4iv\u00e4\u00e4n asti. Tunnen edelleen itseni yht\u00e4 pieneksi sen edess\u00e4 kuin nuorempana. Is\u00e4n kiikareilla yritin tunnistaa taivaan kohteita ja painaa edes joitain niist\u00e4 mieleeni. Tutuimmiksi taisivat tulla Kuu ja meid\u00e4n l\u00e4higalaksimme Andromeda, joka n\u00e4kyy hyviss\u00e4 olosuhteissa jopa ilman kiikaria. Se taisi olla ensimm\u00e4inen kohde, jonka virallisen tunnuksen opettelin ulkoa. Tuo M31 ja on pysynyt siit\u00e4 asti hyvin muistissani.<\/p>\n\n\n\n<p>Nyky\u00e4\u00e4n seuraan t\u00e4htitiedett\u00e4 kirjojen, tiedeuutisten ja podcastien kautta. Y\u00f6taivaan kiikarointi on j\u00e4\u00e4nyt v\u00e4hemm\u00e4lle ja keskeisin syy on valosaaste. Siit\u00e4 ei taida p\u00e4\u00e4st\u00e4 eroon, kuin menem\u00e4ll\u00e4 mahdollisimman kauaksi l\u00e4himm\u00e4st\u00e4 kaupungista. Kiikareilla on toki edelleen k\u00e4ytt\u00f6\u00e4 lintuharrastuksen parissa, kun yrit\u00e4n tunnistaa harvinaisempia k\u00e4vij\u00f6it\u00e4 lintulaudallani. N\u00e4iden molempien harrastusten kohdalla on kysymyksess\u00e4 perin inhimillinen piirre eli uteliasuus. Tuo luonteenpiirre on meill\u00e4 ihmisill\u00e4 sis\u00e4\u00e4nrakennettu. Ilman sit\u00e4 me olisimme kaiketi edelleen kivikaudessa ja naputtelisimme karkeita k\u00e4ytt\u00f6esineit\u00e4 kivest\u00e4. &nbsp;&nbsp;&nbsp;&nbsp;&nbsp;<\/p>\n\n\n\n<p>Olen ollut monia vuosia t\u00e4htitieteellisen yhdistyksen Ursan j\u00e4sen. J\u00e4senmaksu sis\u00e4lt\u00e4\u00e4 my\u00f6s upean lehden: T\u00e4hdet ja avaruus. Ursa julkaisee my\u00f6s kirjallisuutta. Viimeisimpi\u00e4 on Carlo Rovellin \u201dValkoiset aukot\u201d, jonka luin melkein yhdell\u00e4 istumalta. Rovell on\u00a0italialainen fyysikko ja tietokirjailija, jolta on k\u00e4\u00e4nnetty kolme kirjaa suomeksi. H\u00e4n on keskittynyt urallaan kvanttigravitaatioon ja h\u00e4nt\u00e4 pidet\u00e4\u00e4n my\u00f6s yhten\u00e4 kvanttigravitaatiopainovoimateorian kehitt\u00e4j\u00e4n\u00e4. Tuo on sen verran pitk\u00e4 sana, ett\u00e4 eik\u00f6h\u00e4n se anna tuolle tutkimuskohteelle hitusen lis\u00e4\u00e4 painoarvoa;).<\/p>\n\n\n\n<p>Mist\u00e4 Rovellin kirjan valkoisessa k\u00e4\u00e4pi\u00f6ss\u00e4 on sitten kysymys? Kaikille on varmaan tuttu \u201dvastakkainen\u201d termi eli musta aukko. Siin\u00e4 romahtavan t\u00e4hden massa taivuttaa avaruutta, joka venyy venymist\u00e4\u00e4n pitk\u00e4ksi suppiloksi. Sen pohjalle putoaa yh\u00e4 pienemm\u00e4ksi puristuva massa. Kun p\u00e4\u00e4st\u00e4\u00e4n perille, niin Einsteinin yht\u00e4l\u00f6t eiv\u00e4t en\u00e4\u00e4 toimi. Lopulta t\u00e4hdest\u00e4 tulee \u00e4\u00e4rimm\u00e4isen tihe\u00e4 ns. Planckin t\u00e4hti, joka siirtyy kvantti-ilmi\u00f6iden vaikutuspiiriin. Eritt\u00e4in suurilla tiheyksill\u00e4 kvantit synnytt\u00e4v\u00e4t paineen, joka est\u00e4\u00e4 puristumisen pienemm\u00e4ksi. T\u00e4m\u00e4n j\u00e4lkeen tapahtuu kvanttihyppy. T\u00e4hti alkaa uudelleen laajentua ja ponnahtaa kuin kumipallo takaisin kohti tapahtumahorisonttia. N\u00e4in mustasta aukosta tulee valkoinen aukko. Lopulta se mit\u00e4 t\u00e4hdest\u00e4 on j\u00e4ljell\u00e4, lent\u00e4\u00e4 ulos. Melkoisen mystinen matka ainakin minulle, joka aloittaa p\u00e4iv\u00e4n kaurapuurolla ja p\u00e4\u00e4tt\u00e4\u00e4 sen illalla kirjan parissa. Toki valkoisten aukkojen olemassaolosta kiistell\u00e4\u00e4n, joten t\u00e4htitieteilij\u00f6ill\u00e4 on viel\u00e4 edess\u00e4 kiehtovaa p\u00e4hk\u00e4ilt\u00e4v\u00e4\u00e4 sen parissa. <\/p>\n\n\n\n<p>Rovellia on kiitelty siit\u00e4, ett\u00e4 h\u00e4nen kirjansa ovat tieteellisesti tarkkoja ja helposti l\u00e4hestytt\u00e4vi\u00e4. H\u00e4n osaa yhdist\u00e4\u00e4 tieteelliset k\u00e4sitteet suurempiin kysymyksiin ihmisen kokemusmaailmasta ja maailmankaikkeudesta. Vaikka jollain sivulla sukelletaan kvanttimaailman, niin tilaa saa my\u00f6s Danten Jumalainen n\u00e4ytelm\u00e4. Sukellus mustaan aukkoon saa vertailukohteeksi Danten ja h\u00e4nen oppaansa Vergiliuksen laskeutumisen Helvettiin. N\u00e4in lukija voi kokea kosmista yhteytt\u00e4 sek\u00e4 maailmankaikkeuteen ett\u00e4 ihmiskuntaan, joka kompuroinnistaan huolimatta on saavuttanut tieteen ja kulttuurin alueella hienoja tuloksia. Kirjoittajalle ei suinkaan ole olennaista kertoa totuutta valkoisista aukoista, vaan h\u00e4n haluaa johdattaa lukijansa teorian kehittelyn pariin, pohtien samalla tieteen tekemist\u00e4 my\u00f6s laajemmalla tasolla. Rovell tekee kaiken t\u00e4m\u00e4n kielellisesti rikkaasti ja maalaten samalla kiehtovia mielikuvia lukijan mieleen virkkeill\u00e4, jotka ovat tutumpia kaunokirjallisuuden parista. Tiedett\u00e4 voi popularisoida huonosti tai hyvin; Carlo Rovell tekee sen v\u00e4hint\u00e4\u00e4n j\u00e4lkimm\u00e4isell\u00e4 tavalla. &nbsp;<\/p>\n","protected":false},"excerpt":{"rendered":"<p>Kiinnostukseni t\u00e4htitieteeseen syntyi jo murkkui\u00e4ss\u00e4 ja vei nuoren pojan menness\u00e4\u00e4n. Mik\u00e4 olikaan kiehtovampaa kuin arvoituksellinen t\u00e4htitaivas, joka oli t\u00e4ydellinen kohde mielikuvitukselleni. Tuolloin alkoi l\u00f6yt\u00f6retki, joka on jatkuu t\u00e4h\u00e4n p\u00e4iv\u00e4\u00e4n asti. Tunnen edelleen itseni yht\u00e4 pieneksi sen edess\u00e4 kuin nuorempana. Is\u00e4n kiikareilla yritin tunnistaa taivaan kohteita ja painaa edes joitain niist\u00e4 mieleeni. Tutuimmiksi taisivat tulla Kuu &hellip; <a href=\"https:\/\/ajatusmatka.net\/?p=7311\" class=\"more-link\">Jatka lukemista<span class=\"screen-reader-text\"> &#8221;Rosvell &#8211; Valkoinen aukko&#8221;<\/span><\/a><\/p>\n","protected":false},"author":1,"featured_media":0,"comment_status":"open","ping_status":"open","sticky":false,"template":"","format":"standard","meta":{"footnotes":""},"categories":[1],"tags":[],"class_list":["post-7311","post","type-post","status-publish","format-standard","hentry","category-yleinen"],"_links":{"self":[{"href":"https:\/\/ajatusmatka.net\/index.php?rest_route=\/wp\/v2\/posts\/7311","targetHints":{"allow":["GET"]}}],"collection":[{"href":"https:\/\/ajatusmatka.net\/index.php?rest_route=\/wp\/v2\/posts"}],"about":[{"href":"https:\/\/ajatusmatka.net\/index.php?rest_route=\/wp\/v2\/types\/post"}],"author":[{"embeddable":true,"href":"https:\/\/ajatusmatka.net\/index.php?rest_route=\/wp\/v2\/users\/1"}],"replies":[{"embeddable":true,"href":"https:\/\/ajatusmatka.net\/index.php?rest_route=%2Fwp%2Fv2%2Fcomments&post=7311"}],"version-history":[{"count":17,"href":"https:\/\/ajatusmatka.net\/index.php?rest_route=\/wp\/v2\/posts\/7311\/revisions"}],"predecessor-version":[{"id":7433,"href":"https:\/\/ajatusmatka.net\/index.php?rest_route=\/wp\/v2\/posts\/7311\/revisions\/7433"}],"wp:attachment":[{"href":"https:\/\/ajatusmatka.net\/index.php?rest_route=%2Fwp%2Fv2%2Fmedia&parent=7311"}],"wp:term":[{"taxonomy":"category","embeddable":true,"href":"https:\/\/ajatusmatka.net\/index.php?rest_route=%2Fwp%2Fv2%2Fcategories&post=7311"},{"taxonomy":"post_tag","embeddable":true,"href":"https:\/\/ajatusmatka.net\/index.php?rest_route=%2Fwp%2Fv2%2Ftags&post=7311"}],"curies":[{"name":"wp","href":"https:\/\/api.w.org\/{rel}","templated":true}]}}