{"id":435,"date":"2010-03-10T22:39:24","date_gmt":"2010-03-10T20:39:24","guid":{"rendered":"http:\/\/aikaihminen.com\/?p=435"},"modified":"2024-09-04T08:33:58","modified_gmt":"2024-09-04T05:33:58","slug":"jytajammu","status":"publish","type":"post","link":"https:\/\/ajatusmatka.net\/?p=435","title":{"rendered":"Jyt\u00e4jammu"},"content":{"rendered":"\n<p>Miss\u00e4 mahtaa luurata nyt Jyt\u00e4jammuni, jonka kumiset tassut saivat 80-luvulla tunnustella monen eurooppalaisen valtion pikipintoja. Erosimme lopulta viiden vuoden tiiviin yhdess\u00e4olon j\u00e4lkeen. Se j\u00e4i Kolmannenlinjan nuhjuisen autohallin per\u00e4lle, kun mielenh\u00e4iri\u00f6ss\u00e4ni vaihdoin sen pieneen Fiatiin. En muista h\u00e4pesink\u00f6 sill\u00e4 hetkell\u00e4, mutta syyt\u00e4 olisi ollut.<\/p>\n\n\n\n<p>Jammullani oli nuoruus, niin kuin minullakin. Se sai silloin kiipeill\u00e4 Keski- Norjan vuonojen jylhi\u00e4 rantoja ja v\u00e4h\u00e4n vanhempana se otti aurinkoa Unkarissa, Balaton j\u00e4rven rannalla. Saavuimme sinne Puolan l\u00e4vitse aikana, jolloin Lech Walesa hahmotteli Solidarnos \u2013liikkeen tulevaisuutta Gdanskin telakalla. Luultavasti se tunsi my\u00f6s vihaa j\u00e4rjett\u00f6m\u00e4n kansanmurhan tekij\u00f6it\u00e4 kohtaan, kun parkkeerasin sen Auschwitzin keskitysleirin portin pieleen. Etel\u00e4-Puolassa olin ajaa sen yll\u00e4tt\u00e4en mutkan takaa eteeni tupsahtaneen hein\u00e4kuorman sis\u00e4\u00e4n. Se sai my\u00f6s tuntea millaista oli kiivet\u00e4 Tatran vuoristoteit\u00e4 y\u00f6ll\u00e4 ja jatkaa ilman lepohetke\u00e4 suoraan Unkarin aroille. Ehk\u00e4 Jammuni muistaa my\u00f6s sen p\u00e4iv\u00e4n, kun k\u00e4vimme k\u00e4\u00e4ntym\u00e4ss\u00e4 Albanian rajalla ja palasimme kotia kohti h\u00e4ik\u00e4isev\u00e4n kirkkaassa Adrianmeren auringossa.<\/p>\n\n\n\n<div class=\"wp-block-group is-nowrap is-layout-flex wp-container-core-group-is-layout-ad2f72ca wp-block-group-is-layout-flex\">\n<figure class=\"wp-block-image size-full is-resized\"><img loading=\"lazy\" decoding=\"async\" width=\"690\" height=\"1024\" src=\"https:\/\/ajatusmatka.net\/wp-content\/uploads\/20080129_007-3.jpg\" alt=\"\" class=\"wp-image-6625\" style=\"width:311px;height:auto\" srcset=\"https:\/\/ajatusmatka.net\/wp-content\/uploads\/20080129_007-3.jpg 690w, https:\/\/ajatusmatka.net\/wp-content\/uploads\/20080129_007-3-202x300.jpg 202w\" sizes=\"auto, (max-width: 709px) 85vw, (max-width: 909px) 67vw, (max-width: 984px) 61vw, (max-width: 1362px) 45vw, 600px\" \/><\/figure>\n\n\n\n<figure class=\"wp-block-image size-full\"><img loading=\"lazy\" decoding=\"async\" width=\"692\" height=\"1024\" src=\"https:\/\/ajatusmatka.net\/wp-content\/uploads\/20080203_045.jpg\" alt=\"\" class=\"wp-image-6626\" srcset=\"https:\/\/ajatusmatka.net\/wp-content\/uploads\/20080203_045.jpg 692w, https:\/\/ajatusmatka.net\/wp-content\/uploads\/20080203_045-203x300.jpg 203w\" sizes=\"auto, (max-width: 709px) 85vw, (max-width: 909px) 67vw, (max-width: 984px) 61vw, (max-width: 1362px) 45vw, 600px\" \/><\/figure>\n<\/div>\n\n\n\n<p>Toivon, ett\u00e4 se ei ole nyt jonkun hein\u00e4ladon nurkassa. Pid\u00e4n sit\u00e4 surkeimpana tapana p\u00e4\u00e4tt\u00e4\u00e4 el\u00e4m\u00e4ns\u00e4, vaikka olisikin kysymys mekaanisesta laitteesta, josta on vaikea tavoittaa alkeellisintakaan sielua. L\u00e4hes yht\u00e4 karu kohtalo olisi l\u00f6yt\u00e4\u00e4 se pitk\u00e4\u00e4 hein\u00e4\u00e4 kasvavan navetan takaa, puoliksi pusikkoon ty\u00f6nnettyn\u00e4. Vaikka Jammuni olikin koottu metallista, kumista ja muovista, niin siit\u00e4 huolimatta taisin rakastaa sit\u00e4. Se rakkaus oli melko varmasti molemminpuolista ja se sai t\u00e4yttymyksens\u00e4 niin\u00e4 hetkin\u00e4, kun ohjastin sen keskikes\u00e4n vaaleina kes\u00e4\u00f6in\u00e4 tasaiseen laukkaan kohti Pohjanmaan avaria latoniittyj\u00e4.<\/p>\n\n\n\n<p>Kun oikein tarkkaan tihrustan halkeillen sein\u00e4lautojen v\u00e4list\u00e4, niin voin n\u00e4hd\u00e4 huolellisesti vahaamani \u00e4\u00e4nenvaimentimet, jotka ovat nyt ruosteisten l\u00e4ikkien verhoamia. Ne on nostettu ladon vastakkaiseen nurkkaan pystyyn ja niiden peitoksi on heitetty huolimattomasti vanha sadetakki. &nbsp;Bensatankki on hyl\u00e4tty keskelle lattiaa. Runko on kaluttu paljaaksi ja se h\u00e4peilee alastomuuttaan erilaisten vatien ja peltikanistereiden keskell\u00e4. Moottori on osittain avattu. Sylinterinkannet on poistettu ja m\u00e4ntien p\u00e4\u00e4ll\u00e4 lainehtii ruosteen v\u00e4rj\u00e4\u00e4m\u00e4\u00e4 vett\u00e4. Olen kuitenkin n\u00e4kev\u00e4ni sen surkeassa hahmossa pient\u00e4 ylpeytt\u00e4 ja olen my\u00f6s melko varma, ett\u00e4 yksin\u00e4isin\u00e4 \u00f6in\u00e4 se muistelee kaukomatkojaan, joita se teki l\u00e4hes maailman \u00e4\u00e4riin asti.<\/p>\n","protected":false},"excerpt":{"rendered":"<p>Miss\u00e4 mahtaa luurata nyt Jyt\u00e4jammuni, jonka kumiset tassut saivat 80-luvulla tunnustella monen eurooppalaisen valtion pikipintoja. Erosimme lopulta viiden vuoden tiiviin yhdess\u00e4olon j\u00e4lkeen. Se j\u00e4i Kolmannenlinjan nuhjuisen autohallin per\u00e4lle, kun mielenh\u00e4iri\u00f6ss\u00e4ni vaihdoin sen pieneen Fiatiin. En muista h\u00e4pesink\u00f6 sill\u00e4 hetkell\u00e4, mutta syyt\u00e4 olisi ollut. Jammullani oli nuoruus, niin kuin minullakin. Se sai silloin kiipeill\u00e4 Keski- Norjan &hellip; <a href=\"https:\/\/ajatusmatka.net\/?p=435\" class=\"more-link\">Jatka lukemista<span class=\"screen-reader-text\"> &#8221;Jyt\u00e4jammu&#8221;<\/span><\/a><\/p>\n","protected":false},"author":1,"featured_media":0,"comment_status":"closed","ping_status":"open","sticky":false,"template":"","format":"standard","meta":{"footnotes":""},"categories":[1],"tags":[],"class_list":["post-435","post","type-post","status-publish","format-standard","hentry","category-yleinen"],"_links":{"self":[{"href":"https:\/\/ajatusmatka.net\/index.php?rest_route=\/wp\/v2\/posts\/435","targetHints":{"allow":["GET"]}}],"collection":[{"href":"https:\/\/ajatusmatka.net\/index.php?rest_route=\/wp\/v2\/posts"}],"about":[{"href":"https:\/\/ajatusmatka.net\/index.php?rest_route=\/wp\/v2\/types\/post"}],"author":[{"embeddable":true,"href":"https:\/\/ajatusmatka.net\/index.php?rest_route=\/wp\/v2\/users\/1"}],"replies":[{"embeddable":true,"href":"https:\/\/ajatusmatka.net\/index.php?rest_route=%2Fwp%2Fv2%2Fcomments&post=435"}],"version-history":[{"count":19,"href":"https:\/\/ajatusmatka.net\/index.php?rest_route=\/wp\/v2\/posts\/435\/revisions"}],"predecessor-version":[{"id":6627,"href":"https:\/\/ajatusmatka.net\/index.php?rest_route=\/wp\/v2\/posts\/435\/revisions\/6627"}],"wp:attachment":[{"href":"https:\/\/ajatusmatka.net\/index.php?rest_route=%2Fwp%2Fv2%2Fmedia&parent=435"}],"wp:term":[{"taxonomy":"category","embeddable":true,"href":"https:\/\/ajatusmatka.net\/index.php?rest_route=%2Fwp%2Fv2%2Fcategories&post=435"},{"taxonomy":"post_tag","embeddable":true,"href":"https:\/\/ajatusmatka.net\/index.php?rest_route=%2Fwp%2Fv2%2Ftags&post=435"}],"curies":[{"name":"wp","href":"https:\/\/api.w.org\/{rel}","templated":true}]}}