{"id":344,"date":"2010-02-28T23:25:29","date_gmt":"2010-02-28T21:25:29","guid":{"rendered":"http:\/\/aikaihminen.com\/?p=344"},"modified":"2024-09-05T13:16:14","modified_gmt":"2024-09-05T10:16:14","slug":"keskiaikainen-kansankuvaaja-peter-bruegel-vanhempi","status":"publish","type":"post","link":"https:\/\/ajatusmatka.net\/?p=344","title":{"rendered":"Pieter Bruegel Vanhempi &#8211; keskiaikainen kansankuvaaja"},"content":{"rendered":"\n<p><a href=\"\/wp-content\/uploads\/2010\/02\/bruegel1371.jpg\"><\/a>Nuorempana en tainnut olla viel\u00e4 kovinkaan skeptinen, sill\u00e4 n\u00e4hty\u00e4ni ensimm\u00e4isen kerran Pieter Bruegel Vanhemman (1925-1569) maalauksen \u201dMets\u00e4st\u00e4ji\u00e4 talvimaisemassa\u201d (Hunters in The Snow) olin aivan varma, ett\u00e4 olin asunut itse tuossa keskiaikaisessa flaamilaisessa kyl\u00e4ss\u00e4 edellisess\u00e4 el\u00e4m\u00e4ss\u00e4ni. Koin tuon maiseman v\u00e4litt\u00e4m\u00e4n tunnelman niin ihmeellisen voimakkaasti, ett\u00e4 en todellakaan l\u00f6yt\u00e4nyt silloin muuta selityst\u00e4 kokemukselleni. Jaksoin tuijottaa teosta minuuttikaupalla ja uskoin, ett\u00e4 el\u00e4ytym\u00e4ll\u00e4 oikein tiukasti voisin siirty\u00e4 tuohon pieneen&nbsp;kyl\u00e4\u00e4n. Laskeutuisin rinnett\u00e4 alas mets\u00e4st\u00e4jien ja koirien kanssa. Olimme pettyneit\u00e4 ja v\u00e4syneit\u00e4 p\u00e4iv\u00e4n pyynnist\u00e4, joka ei ollut antanut muuta saalista kuin laihan ketun. P\u00e4iv\u00e4 oli silloin pilvinen ja harmaa. 1500-luvulla Eurooppa eli keskell\u00e4 pient\u00e4 j\u00e4\u00e4kautta, joten l\u00e4mp\u00f6tila oli varmaankin pakkasen puolella.<\/p>\n\n\n<div class=\"wp-block-image\">\n<figure class=\"aligncenter size-large\"><img loading=\"lazy\" decoding=\"async\" width=\"1024\" height=\"718\" src=\"https:\/\/ajatusmatka.net\/wp-content\/uploads\/msedge_DA5VduRHnK-1024x718.jpg\" alt=\"\" class=\"wp-image-6385\" srcset=\"https:\/\/ajatusmatka.net\/wp-content\/uploads\/msedge_DA5VduRHnK-1024x718.jpg 1024w, https:\/\/ajatusmatka.net\/wp-content\/uploads\/msedge_DA5VduRHnK-300x210.jpg 300w, https:\/\/ajatusmatka.net\/wp-content\/uploads\/msedge_DA5VduRHnK-768x539.jpg 768w, https:\/\/ajatusmatka.net\/wp-content\/uploads\/msedge_DA5VduRHnK-1536x1077.jpg 1536w, https:\/\/ajatusmatka.net\/wp-content\/uploads\/msedge_DA5VduRHnK-1200x841.jpg 1200w, https:\/\/ajatusmatka.net\/wp-content\/uploads\/msedge_DA5VduRHnK.jpg 1670w\" sizes=\"auto, (max-width: 709px) 85vw, (max-width: 909px) 67vw, (max-width: 1362px) 62vw, 840px\" \/><figcaption class=\"wp-element-caption\">Hunters in the Snow<\/figcaption><\/figure>\n<\/div>\n\n\n<p>Maalauksen ep\u00e4onnisten pyyt\u00e4jien eteen avautuu lammen j\u00e4\u00e4, joka on t\u00e4ynn\u00e4 luistelijoita. Ehk\u00e4 osa heist\u00e4 oli jo siirtynyt el\u00e4inten s\u00e4\u00e4riluista kyh\u00e4tyist\u00e4 terist\u00e4 uudempaan malliin, jossa metallikisko oli kiinnitetty puiseen alustaansa ja t\u00e4m\u00e4 taas oli sidottu hihnoilla kiinni jalkater\u00e4n ja nilkan ymp\u00e4rille. Kuvassa n\u00e4kyy my\u00f6s curlingin pelaajia, vaikka tuo olympialaji onkin historioitsijoiden mukaan kehittynyt 1500-luvun Skotlannissa, eik\u00e4 suinkaan flaamilaisessa kyl\u00e4pahasessa. Laaksossa on my\u00f6s mylly ja kirkko, kuten monessa muussakin tuon aikakauden maalaismilj\u00f6\u00f6ss\u00e4. Vaikka tied\u00e4nkin historianharrastukseni kautta, ett\u00e4 talonpojan nutussa el\u00e4minen keskiajalla oli keskim\u00e4\u00e4rin melko ankeaa, niin eih\u00e4n se sit\u00e4 suinkaan aina ollut. Heill\u00e4 oli varmaan my\u00f6s hetki\u00e4, jotka ovat meille kaikille yhteisi\u00e4, huolimatta satojen vuosien aikaerosta. H\u00e4iss\u00e4 juotiin, kaulailtiin ja tanssittiin siin\u00e4 kuin nyky\u00e4\u00e4nkin. My\u00f6s luistelijoiden parissa oli varmaankin p\u00e4\u00e4llimm\u00e4isen\u00e4 tunteena yhdess\u00e4olo ja v\u00e4lit\u00f6n hauskanpito. Mutta ehk\u00e4 joku j\u00e4\u00e4n reunalla ilakointia seuraava katsoja saattoi sanoa \u00e4\u00e4neen: \u201dMit\u00e4h\u00e4n Jumala mahtaa sanoa t\u00e4llaisesta menosta\u201d. T\u00e4m\u00e4 ehk\u00e4 erottaa meid\u00e4t tuosta ajasta, jota on hyvin helppo romantisoida seuraavan vuosituhannen takaa.<\/p>\n\n\n\n<p>Tuon maalauksen tekij\u00e4 Pieter Bruegel istuu edess\u00e4ni taulun kuvaaman maalaiskyl\u00e4n ainoan tavernan karkeatekoisen p\u00f6yd\u00e4n \u00e4\u00e4ress\u00e4. Takapuolemme nojaavat kovaan puupenkkiin ja h\u00f6rpp\u00e4\u00e4mme tiukkaan tahtiin halpaa olutta, jonka ohrainen maku on pantu alulle paikallisessa panimossa. Keskustelemme huumorista, satiirista ja niist\u00e4 ajatuksista joita h\u00e4nen t\u00f6idens\u00e4 poikkeukselliset aihevalinnat minussa her\u00e4tt\u00e4v\u00e4t. Edess\u00e4ni istuva taiteilija on pukeutunut talonpojan harmaaseen nuttuun, joka on kietaistu vy\u00f6t\u00e4r\u00f6lt\u00e4 kiinni kapealla nahkavy\u00f6ll\u00e4. Patalakin alta harottavat takkuiset hiukset sojottavat sivullep\u00e4in ja j\u00e4tt\u00e4v\u00e4t kapean alueen poskip\u00e4iden ja leukaparran v\u00e4liin. H\u00e4n ei tied\u00e4 viel\u00e4 olevansa tulevaisuudessa er\u00e4s vuosisatansa arvostetuimpia taidemaalareita. Ja jos kertoisin viel\u00e4, ett\u00e4 Etel\u00e4-Alankomaiden flaamilainen kuvataide tulee saamaan h\u00e4nest\u00e4 parhaan edustajan, niin h\u00e4n saattaisi kuitata arvioni nostamalla kolpakkoa ja pudistamalla ep\u00e4uskoisena p\u00e4\u00e4t\u00e4\u00e4n.<\/p>\n\n\n\n<p>Pieter Bruegel oli taiteilija, joka haki luomisvireens\u00e4 l\u00e4hinn\u00e4 talonpoikien parista. Se oli hyvin poikkeuksellista keskiajan kuvataiteessa, joka ammensi aiheensa enimm\u00e4kseen uskonnon kuvamaailmasta. Bruegelin aikainen flaamilainen taide oli italiavetoista, mutta h\u00e4n ei noussut tuohon junaan. Pieter kehitti muista poikkeavan satiirisen maalaustapansa. H\u00e4nen asiakkaitaan olivat yksityiset taiteenker\u00e4ilij\u00e4t ja etenkin Espanjan hallitsijasuku. Ostajia kiehtoi maalauksissa l\u00e4hinn\u00e4 niiden huumori ja luonnonkuvaus. Pieter Bruegelin ajatuksena oli kuitenkin taiteen keinoin n\u00e4ytt\u00e4\u00e4 ihmisen yksinkertaisuus. H\u00e4n valjasti t\u00e4h\u00e4n talonpojat, jotka h\u00e4n kuvaa usein rujoiksi ja typeriksi. J\u00e4lkimm\u00e4ist\u00e4 luonteenpiirrett\u00e4 kuvaa hyvin \u00f6ljyv\u00e4rity\u00f6 sokeista, joita sokea taluttaa.<\/p>\n\n\n\n<p>Vaikka ajatteluni on vaihtunutkin vanhemmiten skeptisemp\u00e4\u00e4n suuntaan, niin \u201dMets\u00e4s\u00e4st\u00e4ji\u00e4 talvimaisemassa\u201d-maalaus ei ole menett\u00e4nyt viel\u00e4k\u00e4\u00e4n tehoansa. Se on varmaan eniten k\u00e4ytt\u00e4m\u00e4ni ty\u00f6p\u00f6yt\u00e4kuva. Vaihdan niit\u00e4 melko usein ja aina jossain vaiheessa palaan aina taas uudelleen tuohon mestariteokseen. Tied\u00e4n nyt kuitenkin, ett\u00e4 en p\u00e4\u00e4se kaipaamaani kyl\u00e4\u00e4n, vaikka istuisin taulun edess\u00e4 vuorokauden ja tyhjent\u00e4isin mieleni perusteellisesti oman aikani kuonasta.<\/p>\n","protected":false},"excerpt":{"rendered":"<p>Nuorempana en tainnut olla viel\u00e4 kovinkaan skeptinen, sill\u00e4 n\u00e4hty\u00e4ni ensimm\u00e4isen kerran Pieter Bruegel Vanhemman (1925-1569) maalauksen \u201dMets\u00e4st\u00e4ji\u00e4 talvimaisemassa\u201d (Hunters in The Snow) olin aivan varma, ett\u00e4 olin asunut itse tuossa keskiaikaisessa flaamilaisessa kyl\u00e4ss\u00e4 edellisess\u00e4 el\u00e4m\u00e4ss\u00e4ni. Koin tuon maiseman v\u00e4litt\u00e4m\u00e4n tunnelman niin ihmeellisen voimakkaasti, ett\u00e4 en todellakaan l\u00f6yt\u00e4nyt silloin muuta selityst\u00e4 kokemukselleni. Jaksoin tuijottaa teosta minuuttikaupalla &hellip; <a href=\"https:\/\/ajatusmatka.net\/?p=344\" class=\"more-link\">Jatka lukemista<span class=\"screen-reader-text\"> &#8221;Pieter Bruegel Vanhempi &#8211; keskiaikainen kansankuvaaja&#8221;<\/span><\/a><\/p>\n","protected":false},"author":1,"featured_media":0,"comment_status":"closed","ping_status":"open","sticky":false,"template":"","format":"standard","meta":{"footnotes":""},"categories":[1],"tags":[],"class_list":["post-344","post","type-post","status-publish","format-standard","hentry","category-yleinen"],"_links":{"self":[{"href":"https:\/\/ajatusmatka.net\/index.php?rest_route=\/wp\/v2\/posts\/344","targetHints":{"allow":["GET"]}}],"collection":[{"href":"https:\/\/ajatusmatka.net\/index.php?rest_route=\/wp\/v2\/posts"}],"about":[{"href":"https:\/\/ajatusmatka.net\/index.php?rest_route=\/wp\/v2\/types\/post"}],"author":[{"embeddable":true,"href":"https:\/\/ajatusmatka.net\/index.php?rest_route=\/wp\/v2\/users\/1"}],"replies":[{"embeddable":true,"href":"https:\/\/ajatusmatka.net\/index.php?rest_route=%2Fwp%2Fv2%2Fcomments&post=344"}],"version-history":[{"count":25,"href":"https:\/\/ajatusmatka.net\/index.php?rest_route=\/wp\/v2\/posts\/344\/revisions"}],"predecessor-version":[{"id":6718,"href":"https:\/\/ajatusmatka.net\/index.php?rest_route=\/wp\/v2\/posts\/344\/revisions\/6718"}],"wp:attachment":[{"href":"https:\/\/ajatusmatka.net\/index.php?rest_route=%2Fwp%2Fv2%2Fmedia&parent=344"}],"wp:term":[{"taxonomy":"category","embeddable":true,"href":"https:\/\/ajatusmatka.net\/index.php?rest_route=%2Fwp%2Fv2%2Fcategories&post=344"},{"taxonomy":"post_tag","embeddable":true,"href":"https:\/\/ajatusmatka.net\/index.php?rest_route=%2Fwp%2Fv2%2Ftags&post=344"}],"curies":[{"name":"wp","href":"https:\/\/api.w.org\/{rel}","templated":true}]}}